{"id":110,"date":"2011-01-30T23:19:17","date_gmt":"2011-01-30T22:19:17","guid":{"rendered":"http:\/\/meinungsterror.de\/?p=110"},"modified":"2011-02-04T13:39:31","modified_gmt":"2011-02-04T12:39:31","slug":"plochingen-vs-hannover","status":"publish","type":"post","link":"http:\/\/meinungsterror.de\/?p=110","title":{"rendered":"Plochingen vs. Hannover"},"content":{"rendered":"<p>Offenbar hat die Plochinger Sch\u00c3\u00bctzin, die ihren Mann erschoss, vier Fehler begangen, weshalb sie jetzt in Untersuchungshaft sitzt und nicht auf freiem Fu\u00c3\u0178 ist:<\/p>\n<p>1. Sie besa\u00c3\u0178 die Schusswaffe legal<br \/>\n2. Sie ballerte nicht in der \u00c3\u2013ffentlichkeit damit herum<br \/>\n3. Sie war nicht vorbestraft<br \/>\n4. Sie stammt nicht aus Albanien<br \/>\n<!--more--><br \/>\nDie <a href=\"http:\/\/www.haz.de\/Hannover\/Aus-der-Stadt\/Uebersicht\/Nach-toedlichen-Schuessen-in-Hannover-43-Jaehriger-wieder-frei\">Hannoversche Allgemeine<\/a> berichtet:<\/p>\n<blockquote><p>Der Albaner hatte in der Nacht zu Donnerstag gemeinsam mit mehreren M\u00c3\u00a4nnern in einer Teestube im ersten Stockwerk eines Gesch\u00c3\u00a4ftshauses in der Steintorstra\u00c3\u0178e gesessen. Pl\u00c3\u00b6tzlich st\u00c3\u00bcrmte ein ebenfalls 43-j\u00c3\u00a4hriger Kosovare in das Lokal, zog eine Waffe und feuerte mehrmals auf den Albaner \u00e2\u20ac\u201c die Kugeln aber verfehlten ihr Ziel. Der Albaner griff daraufhin selbst zur Waffe und dr\u00c3\u00bcckte mehrmals auf den Abzug, bis der Angreifer leblos zu Boden ging. Der Todessch\u00c3\u00bctze ergriff die Flucht, stellte sich aber wenig sp\u00c3\u00a4ter der Polizei. <\/p>\n<p>Noch dauern die Ermittlungen an, noch ist nicht gekl\u00c3\u00a4rt, was genau sich in dem Caf\u00c3\u00a9 abspielte. \u00e2\u20ac\u017eEine Zeugenaussage und die Spuren, die vor Ort sichergestellt wurden, sprechen aber daf\u00c3\u00bcr, dass der Vorfall sich so ereignet hat\u00e2\u20ac\u0153, sagte Oberstaatsanw\u00c3\u00a4ltin Silinger. Dennoch beantragte die Staatsanwaltschaft Haftbefehl. \u00e2\u20ac\u017eDer Mann hatte keine Erlaubnis, eine Waffe zu f\u00c3\u00bchren. Das ist ein Versto\u00c3\u0178 gegen das Waffengesetz\u00e2\u20ac\u0153, sagte Silinger. Obwohl der 43-J\u00c3\u00a4hrige bereits mehrfach straff\u00c3\u00a4llig geworden ist, wanderte er nicht in Untersuchungshaft. \u00e2\u20ac\u017eWegen der ausl\u00c3\u00a4ndischen Wurzeln besteht Fluchtgefahr. Man meint dieser mit Auflagen begegnen zu k\u00c3\u00b6nnen\u00e2\u20ac\u0153, sagte Silinger. So verf\u00c3\u00bcgte der Haftrichter, dass sich der Albaner vorerst dreimal w\u00c3\u00b6chentlich bei der Polizei melden muss. <\/p><\/blockquote>\n<p>Alles klar, da kann man nat\u00c3\u00bcrlich von Untersuchungshaft absehen.<\/p>\n<p>Wir erinnern uns, <a href=\"http:\/\/www.stuttgarter-nachrichten.de\/inhalt.plochingen-totschlag-nicht-mord.4543b34d-a197-4203-8ed8-7edd59d0d3ce.html\">Plochingen<\/a>:<\/p>\n<blockquote><p>Hat die 41-J\u00c3\u00a4hrige in Nothilfe, also zum Schutz der Kinder in Notwehr gehandelt? Die Staatsanw\u00c3\u00a4ltin, die das Familiendrama bearbeitet, soll einen Akt der Notwehr nicht ausgeschlossen haben. &#8222;Das geh\u00c3\u00b6rt zur vollst\u00c3\u00a4ndigen juristischen Bewertung dazu&#8220;, erkl\u00c3\u00a4rt Claudia Krauth, die Sprecherin der Staatsanwaltschaft Stuttgart. Aber dann hat die Strafverfolgungsbeh\u00c3\u00b6rde doch einen Haftbefehl gegen die Todessch\u00c3\u00bctzin beantragt: &#8222;Wegen Totschlags, nicht wegen Mordes&#8220;, sagt Krauth.<\/p>\n<p>Die Staatsanwaltschaft sieht in diesem Fall keine Mordmerkmale. Niedrige Beweggr\u00c3\u00bcnde wie Eifersucht w\u00c3\u00bcrden nicht vorliegen, so die Sprecherin. Auch Heimt\u00c3\u00bccke der T\u00c3\u00a4terin oder Arglosigkeit des Opfers seien nicht vorhanden. Das Paar hatte einen heftigen Streit. &#8222;Der Mann musste damit rechnen, dass sie ihn angreift&#8220;, meint Krauth.<\/p><\/blockquote>\n<p>Unbescholten, keine Vorstrafe, keine illegalen Waffen, keine Fluchtgefahr &#8211; da muss der Staat nat\u00c3\u00bcrlich H\u00c3\u00a4rte zeigen.<\/p>\n<p>Die &#8222;Bild&#8220;-Zeitung hat \u00c3\u00bcbrigens noch nicht herausgefunden, wo der Albaner so t\u00c3\u00b6dlich zu schie\u00c3\u0178en gelernt hat und Herr Schober vom Aktionsb\u00c3\u00bcndnis hat auch noch nichts gemutma\u00c3\u0178t.<\/p>\n<p>Zu schade aber auch, dass der kriminelle Albaner kein deutscher Sportsch\u00c3\u00bctze war. Wenigstens ist die Sache sp\u00c3\u00a4testens \u00c3\u00bcbermorgen vergessen.<\/p>\n","protected":false},"excerpt":{"rendered":"<p>Offenbar hat die Plochinger Sch\u00c3\u00bctzin, die ihren Mann erschoss, vier Fehler begangen, weshalb sie jetzt in Untersuchungshaft sitzt und nicht auf freiem Fu\u00c3\u0178 ist: 1. Sie besa\u00c3\u0178 die Schusswaffe legal 2. Sie ballerte nicht in der \u00c3\u2013ffentlichkeit damit herum 3. Sie war nicht vorbestraft 4. Sie stammt nicht aus Albanien<\/p>\n","protected":false},"author":1,"featured_media":0,"comment_status":"open","ping_status":"open","sticky":false,"template":"","format":"standard","meta":{"footnotes":""},"categories":[10,5,7],"tags":[],"class_list":["post-110","post","type-post","status-publish","format-standard","hentry","category-justiz","category-medien","category-weltverbesserer"],"_links":{"self":[{"href":"http:\/\/meinungsterror.de\/index.php?rest_route=\/wp\/v2\/posts\/110"}],"collection":[{"href":"http:\/\/meinungsterror.de\/index.php?rest_route=\/wp\/v2\/posts"}],"about":[{"href":"http:\/\/meinungsterror.de\/index.php?rest_route=\/wp\/v2\/types\/post"}],"author":[{"embeddable":true,"href":"http:\/\/meinungsterror.de\/index.php?rest_route=\/wp\/v2\/users\/1"}],"replies":[{"embeddable":true,"href":"http:\/\/meinungsterror.de\/index.php?rest_route=%2Fwp%2Fv2%2Fcomments&post=110"}],"version-history":[{"count":0,"href":"http:\/\/meinungsterror.de\/index.php?rest_route=\/wp\/v2\/posts\/110\/revisions"}],"wp:attachment":[{"href":"http:\/\/meinungsterror.de\/index.php?rest_route=%2Fwp%2Fv2%2Fmedia&parent=110"}],"wp:term":[{"taxonomy":"category","embeddable":true,"href":"http:\/\/meinungsterror.de\/index.php?rest_route=%2Fwp%2Fv2%2Fcategories&post=110"},{"taxonomy":"post_tag","embeddable":true,"href":"http:\/\/meinungsterror.de\/index.php?rest_route=%2Fwp%2Fv2%2Ftags&post=110"}],"curies":[{"name":"wp","href":"https:\/\/api.w.org\/{rel}","templated":true}]}}