{"id":113,"date":"2011-02-02T13:06:59","date_gmt":"2011-02-02T12:06:59","guid":{"rendered":"http:\/\/meinungsterror.de\/?p=113"},"modified":"2011-02-05T08:20:15","modified_gmt":"2011-02-05T07:20:15","slug":"brauchen-echte-manner-eine-waffe","status":"publish","type":"post","link":"http:\/\/meinungsterror.de\/?p=113","title":{"rendered":"Brauchen echte M\u00c3\u00a4nner eine Waffe?"},"content":{"rendered":"<p><img src='http:\/\/meinungsterror.de\/wp-content\/uploads\/2011\/02\/bz_bmw_b.gif' alt='Brauchen M\u00c3\u00a4nner Waffen ? D\u00c3\u00a4mliche Leserfragen in der Badischen Zeitung' \/><br \/>\n&#8222;Brauchen echte M\u00c3\u00a4nner eine Waffe?&#8220; &#8211; Diese Mutter aller Fragen stellte ein gewisser Benjamin Kleinst\u00c3\u00bcck im Rahmen einer Leseraktion der &#8222;<a target=\"_blank\" href=\"http:\/\/www.badische-zeitung.de\/suedwest-1\/brauchen-maenner-waffen--40784899.html\">Badischen Zeitung<\/a>&#8220; an den FDP-Spitzenkandidaten in Baden W\u00c3\u00bcrttemberg, Minister Ulrich Goll. <\/p>\n<blockquote><p>&#8222;Brauchen echte M\u00c3\u00a4nner eine Waffe?&#8220; Die Frage an den FDP-Spitzenkandidaten Ulrich Goll erreichte uns per Mail aus Herbolzheim von Benjamin Kleinst\u00c3\u00bcck. Da klingt Sarkasmus an, und tats\u00c3\u00a4chlich scheinen die Schlagzeilen, die der Justizminister als privater Waffenbesitzer gemacht hat, diesem heute eher peinlich.<\/p><\/blockquote>\n<p>Wie der Minister reagiert hat und ob er sich, nachdem er eine von zwei Schusswaffen abgegeben hat, jetzt nur noch als halbechter Mann f\u00c3\u00bchlt, ist leider an Hand der Online-Ausgabe der BZ nicht zu erfahren.<br \/>\n<!--more--><br \/>\nWas ob solch intelligent formulierter Leserfragen noch gut zu wissen w\u00c3\u00a4re:<\/p>\n<p>Woran erkennt man &#8222;echte M\u00c3\u00a4nner&#8220; f\u00c3\u00bcr gew\u00c3\u00b6hnlich?<\/p>\n<p>Buschige Oberlippenb\u00c3\u00a4rte sah man ja bis zum Zerfall des Ostblocks auch bei bulgarischen Kugelsto\u00c3\u0178erinnen, somit scheidet dieses Merkmal aus. Echte M\u00c3\u00a4nner turnten fr\u00c3\u00bcher durch die Takelage von Gro\u00c3\u0178seglern &#8211; heute fallen bei der Bundesmarine auch Frauen aus den Wanten und knallen, wie echte M\u00c3\u00a4nner, aufs Deck. <\/p>\n<p>A propos Frauen, was ist eigentlich mit den Frauen, die als J\u00c3\u00a4gerin oder Sportsch\u00c3\u00bctzin Schusswaffen besitzen: F\u00c3\u00bchlen die sich auch wie echte M\u00c3\u00a4nner?<\/p>\n<p>Eine nicht repr\u00c3\u00a4sentative Umfrage unter zehn Arbeitskollegen ergab v\u00c3\u00b6llig \u00c3\u00bcberraschend, dass sich keiner der Herren als falscher Mann empfand &#8211; obwohl keiner von ihnen eine Schusswaffe besitzt.<\/p>\n<p>Vielleicht sollte sich der Herr Kleinst\u00c3\u00bcck das n\u00c3\u00a4chste erst mal selbst die Frage stellen, ob man tats\u00c3\u00a4chlich so d\u00c3\u00a4mliche Fragen zu stellen braucht.<\/p>\n","protected":false},"excerpt":{"rendered":"<p>&#8222;Brauchen echte M\u00c3\u00a4nner eine Waffe?&#8220; &#8211; Diese Mutter aller Fragen stellte ein gewisser Benjamin Kleinst\u00c3\u00bcck im Rahmen einer Leseraktion der &#8222;Badischen Zeitung&#8220; an den FDP-Spitzenkandidaten in Baden W\u00c3\u00bcrttemberg, Minister Ulrich Goll. &#8222;Brauchen echte M\u00c3\u00a4nner eine Waffe?&#8220; Die Frage an den FDP-Spitzenkandidaten Ulrich Goll erreichte uns per Mail aus Herbolzheim von Benjamin Kleinst\u00c3\u00bcck. Da klingt Sarkasmus [&hellip;]<\/p>\n","protected":false},"author":1,"featured_media":0,"comment_status":"open","ping_status":"open","sticky":false,"template":"","format":"standard","meta":{"footnotes":""},"categories":[1,5,7],"tags":[],"class_list":["post-113","post","type-post","status-publish","format-standard","hentry","category-allgemein","category-medien","category-weltverbesserer"],"_links":{"self":[{"href":"http:\/\/meinungsterror.de\/index.php?rest_route=\/wp\/v2\/posts\/113"}],"collection":[{"href":"http:\/\/meinungsterror.de\/index.php?rest_route=\/wp\/v2\/posts"}],"about":[{"href":"http:\/\/meinungsterror.de\/index.php?rest_route=\/wp\/v2\/types\/post"}],"author":[{"embeddable":true,"href":"http:\/\/meinungsterror.de\/index.php?rest_route=\/wp\/v2\/users\/1"}],"replies":[{"embeddable":true,"href":"http:\/\/meinungsterror.de\/index.php?rest_route=%2Fwp%2Fv2%2Fcomments&post=113"}],"version-history":[{"count":0,"href":"http:\/\/meinungsterror.de\/index.php?rest_route=\/wp\/v2\/posts\/113\/revisions"}],"wp:attachment":[{"href":"http:\/\/meinungsterror.de\/index.php?rest_route=%2Fwp%2Fv2%2Fmedia&parent=113"}],"wp:term":[{"taxonomy":"category","embeddable":true,"href":"http:\/\/meinungsterror.de\/index.php?rest_route=%2Fwp%2Fv2%2Fcategories&post=113"},{"taxonomy":"post_tag","embeddable":true,"href":"http:\/\/meinungsterror.de\/index.php?rest_route=%2Fwp%2Fv2%2Ftags&post=113"}],"curies":[{"name":"wp","href":"https:\/\/api.w.org\/{rel}","templated":true}]}}