{"id":141,"date":"2011-03-11T23:47:54","date_gmt":"2011-03-11T22:47:54","guid":{"rendered":"http:\/\/meinungsterror.de\/?p=141"},"modified":"2011-03-11T23:47:54","modified_gmt":"2011-03-11T22:47:54","slug":"die-raf-und-die-vakuum-negerkuss-statistik","status":"publish","type":"post","link":"http:\/\/meinungsterror.de\/?p=141","title":{"rendered":"Die RAF und die Vakuum-Negerkuss-Statistik"},"content":{"rendered":"<p>Zu bl\u00c3\u00b6d aber auch. Da hat er sich die Finger wund getippt und gleich zwei seiner Pamphlete ins Netz gestellt, sich auf seinen gro\u00c3\u0178en Auftritt zum Tim-K.-Gedenktag vorbereitet und da kommt so ein japanisches Erdbeben daher und kein Schwein interessiert sich mehr f\u00c3\u00bcr ihn.<\/p>\n<p>Nummer eins, &#8222;<a target=\"_blank\" href=\"http:\/\/www.sportmordwaffen.de\/opfer.html\">Get\u00c3\u00b6tet mit Schu\u00c3\u0178waffen von Sportsch\u00c3\u00bctzen (1991 bis 2011)<\/a>&#8222;, offenbart das scheinbar gest\u00c3\u00b6rte Verh\u00c3\u00a4ltnis des Herrn Grafe zur Realit\u00c3\u00a4t. Wie <a href=\"http:\/\/meinungsterror.de\/?p=136\">schon hier beschrieben<\/a>, werden sogar mit Kissen erstickte Kinder in Schusswaffenopfer uminterpretiert.<\/p>\n<p>Auch sonst zeigt er sich ziemlich pfiffig im Formulieren von Halbwahrheiten:<\/p>\n<blockquote><p>Jahr f\u00c3\u00bcr Jahr werden in Deutschland Menschen mit Schu\u00c3\u0178waffen von Sportsch\u00c3\u00bctzen get\u00c3\u00b6tet. <\/p><\/blockquote>\n<p>Super, so kann man den Sportsch\u00c3\u00bctzen auch solche Untaten wie die von <a target=\"_blank\"  href=\"http:\/\/www.spiegel.de\/panorama\/justiz\/0,1518,664869,00.html\">Eislingen<\/a> in die Schuhe schieben, wo aus einem Sch\u00c3\u00bctzenhaus gestohlene, zentral gelagerte Waffen zum Morden missbraucht wurden.<br \/>\n<!--more--><br \/>\nAuch im aktuellen Fall von <a target=\"_blank\" href=\"http:\/\/www.focus.de\/panorama\/vermischtes\/genthin-den-jagdverein-trifft-keine-schuld_aid_606289.html\">Genthin<\/a> biegt man sich den T\u00c3\u00a4ter und Tatablauf so zurecht, dass es einem zu passe kommt.   <\/p>\n<p>Getoppt wird das Ganze aber von dem folgenden Zitat auf der genannten &#8222;Sportmordwaffen&#8220;-Seite:<\/p>\n<blockquote><p>&#8222;Der Mi\u00c3\u0178brauch legaler Waffen hat inzwischen mehr Opfer gekostet als der Terror der RAF. Doch die Politik ist erstarrt in Furcht vor der Waffenlobby und vor dem \u00c3\u201erger mit den Sch\u00c3\u00bctzenvereinen im Wahlkreis.\u00e2\u20ac\u0153 <\/p>\n<p>&#8222;S\u00c3\u00bcddeutsche Zeitung&#8220;, 21. September 2010 <\/p><\/blockquote>\n<p>Wow, das sitzt. Diese Sch\u00c3\u00bctzenbr\u00c3\u00bcder- und schwestern, J\u00c3\u00a4ger und Sammler m\u00c3\u00bcssen ja ein ganz besonders krimineller Haufen sein. Mehr Opfer als der Terror der RAF! Das muss man sich einmal vorstellen.<\/p>\n<p>Was sagt denn eigentlich <a target=\"_blank\" href=\"http:\/\/de.wikipedia.org\/wiki\/Rote_Armee_Fraktion\">Wikipedia zur RAF<\/a>? Mal sehen. Da steht:<\/p>\n<blockquote><p>Die RAF als eine relativ kleine Gruppe wollte nicht als \u00e2\u20ac\u017eSpitze\u00e2\u20ac\u0153 oder \u00e2\u20ac\u017eAvantgarde\u00e2\u20ac\u0153 der revolution\u00c3\u00a4ren Bewegung in Deutschland fungieren, sondern als Teil dieser. <strong>Die Anzahl der<\/strong> direkt im Untergrund <strong>aktiven Mitglieder<\/strong> des sogenannten harten Kerns <strong>aller drei Generationen betrug zwischen den 1970er- und 1990er-Jahren zusammengefasst zwischen 60 und 80 Personen<\/strong>. Zu den aktiven Unterst\u00c3\u00bctzern wurden in dem gesamten Zeitraum etwa 300 Personen gez\u00c3\u00a4hlt. <\/p><\/blockquote>\n<p>Und weiter:<\/p>\n<blockquote><p>Bei ihren terroristischen Anschl\u00c3\u00a4gen oder Geiselnahmen wurden <strong>34 Menschen von RAF-Mitgliedern ermordet<\/strong> und es gab zahlreiche Verletzte.<\/p><\/blockquote>\n<p>Also nochmal zusammengefasst: 60 &#8211; 80 Aktive, 34 Mordopfer. Das ergibt eine Mordquote von 0,424 &#8211; 0,56 je Aktivisten. Oder anders herum, auf 1,76 bis 2,35 RAF-Terroristen kommt ein Ermordeter.<\/p>\n<p>Falls es Herrn Grafe beim Einbau des oben genannten Zitates darum ging, seine kruden Thesen zu untermauern, so ging der Schuss wieder mal gewaltig nach hinten los. Der d\u00c3\u00bcmmliche RAF-Vergleich belegt nicht das von der Am\u00c3\u00b6be zur Elefantenherde aufgebauschte Gef\u00c3\u00a4hrdungspotenzial durch privaten Waffenbesitz, sondern beweist das genaue Gegenteil.<\/p>\n<p>Es gibt nun mal nicht nur 60, 80 oder 300 registrierte Waffenbesitzer, sondern rund drei Millionen. Leider bleibt uns der <a target=\"_blank\" href=\"http:\/\/www.sueddeutsche.de\/panorama\/amoklauf-von-loerrach-gelegenheit-macht-moerder-1.1002618\">Kommentar in der &#8222;S\u00c3\u00bcddeutschen Zeitung&#8220;<\/a>, aus dem das Zitat stammt, den Zeitraum schuldig, wann denn die Waffenbesitzer so viele Opfer wie die RAF &#8222;erzielten&#8220;. Selbst wenn Waffenbesitzer innerhalb eines Jahres die Opferzahl von Baader Meinhof &#038; Co. erreicht h\u00c3\u00a4tte, erg\u00c3\u00a4be das eine Quote von 88.235 Waffeneignern, die statistisch f\u00c3\u00bcr ein Opfer verantwortlich zeichnen. Einer vom &#8222;harten RAF-Kern&#8220; t\u00c3\u00b6tet so viel Menschen wie 37.500 &#8211; 50.000 Sch\u00c3\u00bctzen! Will uns das Herr Grafe sagen? Oder der &#8222;S\u00c3\u00bcddeutsche&#8220;-Kommentator? Wohl eher nicht.<\/p>\n<p>Selbst mit seinen st\u00c3\u00bcmperhaften Statistikf\u00c3\u00a4lschertricks schafft es Herr Grafe nur mit viel M\u00c3\u00bche, den legalen Waffenbesitzern \u00c3\u00bcber einen 20-Jahres-Zeitraum <a href=\"http:\/\/meinungsterror.de\/?p=127\">wenigstens hundert Todesopfer<\/a> zur Last zu legen. <\/p>\n<p>Irgendwie erinnert das an lustige Experimente im Physikunterricht. Einmal st\u00c3\u00bclpte der Lehrer eine Vakuumglocke \u00c3\u00bcber einen &#8222;Negerkuss&#8220; (keine Ahnung, wie man das heute politisch-korrekt bezeichnet) und saugte dann die Luft aus der Glocke. Dadurch wurde das Zuckerschaumnaschwerk immer gr\u00c3\u00b6\u00c3\u0178er und gr\u00c3\u00b6\u00c3\u0178er, obwohl sich an der vorhandenen Substanz nichts ge\u00c3\u00a4ndert hat. Das Ergebnis war wirklich beeindruckend gro\u00c3\u0178. Aber nur, bis es wieder mit der Realit\u00c3\u00a4t in Form der umgebenden Luft konfrontiert wurde. Da schrumpelte es augenblicklich wieder zusammen und der sch\u00c3\u00b6ne Schein war dahin.<\/p>\n<p>Genau wie die Statistiken von Herr Grafe, wenn sie mit der Realit\u00c3\u00a4t konfrontiert werden. <\/p>\n<p><object style='width:425px;height:260px;' width='425' height='260'><param name='movie' value='http:\/\/www.myvideo.de\/movie\/7791849'><\/param><param name='AllowFullscreen' value='true'><\/param><param name='AllowScriptAccess' value='always'><\/param><embed src='http:\/\/www.myvideo.de\/movie\/7791849' width='425' height='260' type='application\/x-shockwave-flash' allowscriptaccess='always' allowfullscreen='true'><\/embed><\/object><br \/><a href='http:\/\/www.myvideo.de\/watch\/7791849\/Was_passiert_wenn_ein_negerkuss_in_einem_vakuum_ist' title='Was passiert wenn... ein negerkuss in einem vakuum ist - MyVideo'>Was passiert wenn&#8230; ein negerkuss in einem vakuum&hellip; &#8211; MyVideo<\/a><\/p>\n","protected":false},"excerpt":{"rendered":"<p>Zu bl\u00c3\u00b6d aber auch. Da hat er sich die Finger wund getippt und gleich zwei seiner Pamphlete ins Netz gestellt, sich auf seinen gro\u00c3\u0178en Auftritt zum Tim-K.-Gedenktag vorbereitet und da kommt so ein japanisches Erdbeben daher und kein Schwein interessiert sich mehr f\u00c3\u00bcr ihn. Nummer eins, &#8222;Get\u00c3\u00b6tet mit Schu\u00c3\u0178waffen von Sportsch\u00c3\u00bctzen (1991 bis 2011)&#8222;, offenbart [&hellip;]<\/p>\n","protected":false},"author":1,"featured_media":0,"comment_status":"open","ping_status":"open","sticky":false,"template":"","format":"standard","meta":{"footnotes":""},"categories":[1,4,7],"tags":[],"class_list":["post-141","post","type-post","status-publish","format-standard","hentry","category-allgemein","category-waffenrecht","category-weltverbesserer"],"_links":{"self":[{"href":"http:\/\/meinungsterror.de\/index.php?rest_route=\/wp\/v2\/posts\/141"}],"collection":[{"href":"http:\/\/meinungsterror.de\/index.php?rest_route=\/wp\/v2\/posts"}],"about":[{"href":"http:\/\/meinungsterror.de\/index.php?rest_route=\/wp\/v2\/types\/post"}],"author":[{"embeddable":true,"href":"http:\/\/meinungsterror.de\/index.php?rest_route=\/wp\/v2\/users\/1"}],"replies":[{"embeddable":true,"href":"http:\/\/meinungsterror.de\/index.php?rest_route=%2Fwp%2Fv2%2Fcomments&post=141"}],"version-history":[{"count":0,"href":"http:\/\/meinungsterror.de\/index.php?rest_route=\/wp\/v2\/posts\/141\/revisions"}],"wp:attachment":[{"href":"http:\/\/meinungsterror.de\/index.php?rest_route=%2Fwp%2Fv2%2Fmedia&parent=141"}],"wp:term":[{"taxonomy":"category","embeddable":true,"href":"http:\/\/meinungsterror.de\/index.php?rest_route=%2Fwp%2Fv2%2Fcategories&post=141"},{"taxonomy":"post_tag","embeddable":true,"href":"http:\/\/meinungsterror.de\/index.php?rest_route=%2Fwp%2Fv2%2Ftags&post=141"}],"curies":[{"name":"wp","href":"https:\/\/api.w.org\/{rel}","templated":true}]}}