{"id":143,"date":"2011-03-17T14:57:08","date_gmt":"2011-03-17T13:57:08","guid":{"rendered":"http:\/\/meinungsterror.de\/?p=143"},"modified":"2011-03-21T11:59:02","modified_gmt":"2011-03-21T10:59:02","slug":"zu-blod-aber-auch-kirchenvolk-macht-bei-inquisition-20-nicht-mit","status":"publish","type":"post","link":"http:\/\/meinungsterror.de\/?p=143","title":{"rendered":"Zu bl\u00c3\u00b6d aber auch: Kirchenvolk macht bei Inquisition 2.0 nicht mit!"},"content":{"rendered":"<p><img src='http:\/\/meinungsterror.de\/wp-content\/uploads\/2011\/03\/mt_jan_hus_1485.png' alt='Jan Hus auf dem Scheiterhaufen' \/><br \/>\nPfarrer Hans-Christoph Werner von der Evangelischen Kirchgemeinde Burgstall hadert anl\u00c3\u00a4sslich des Amoklauf-Gedenkgottesdienstes in der Schlosskirche Winnenden mit seinen L\u00c3\u00a4mmchen, die sich partout weigern, die &#8222;Stiftung gegen Gewalt an Schulen&#8220; zu unterst\u00c3\u00bctzen:<\/p>\n<blockquote><p>Leider stie\u00c3\u0178 die Stiftung beim Kirchenvolk und bei den Kirchengemeinden auf geringe Resonanz.  Nur wenige sind Stiftungsmitglieder geworden. <\/p><\/blockquote>\n<p>Das hingegen spricht F\u00c3\u0153R das Kirchenvolk und die Kirchgemeinden. Offenbar will man sich hier nicht an einer Art &#8222;Heilige Inquisition 2.0&#8220; beteiligen, die im verblendeten und uneinsichtigen Sportsch\u00c3\u00bctzen ihre Ketzer und H\u00c3\u00a4retiker sieht, denen man Notfalls auch durch physische Vernichtung &#8222;helfen&#8220; muss. <\/p>\n<p>Vorher schon monierte er:<\/p>\n<blockquote><p>Aus dem Amoklauf gesetzgeberische Konsequenzen zu ziehen, ist vers\u00c3\u00a4umt worden. Nach wie vor darf in Sch\u00c3\u00bctzenvereinen mit t\u00c3\u00b6dlich wirkenden Waffen trainiert werden \u00e2\u20ac\u201c alles unter dem Schutzm\u00c3\u00a4ntelchen des Sports. In England hat man nach dem Schulmassaker von 1996 ganz andere Konsequenzen gezogen.<\/p><\/blockquote>\n<p>Pfarrer Werner wird man zu Gute halten m\u00c3\u00bcssen, dass ihm bez\u00c3\u00bcglich der vermeintlich paradiesischen Zust\u00c3\u00a4nde im gelobten England einige Informationen vorenthalten wurden. Zum Beispiel die kreative Art der englischen Statistik. Nachzulesen <a target=\"_blank\" href=\"http:\/\/www.visier.de\/bilder\/pdf\/positionspapier_22.08.09.pdf\">hier<\/a>, Seiten drei und vier. Es kann auch angenommen werden, dass <a href=\"http:\/\/www.telegraph.co.uk\/news\/uknews\/law-and-order\/6438601\/Gun-crime-doubles-in-a-decade.html\">Meldungen wie diese<\/a> entweder \u00c3\u00bcberlesen oder ignoriert werden. Oder beides.<\/p>\n<blockquote><p>There were 9,865 firearm offences in 2007\/08, a rise of 89 per cent on the 5,209 recorded in 1998\/99. <\/p>\n<p>Lancashire Police saw a 598 per cent increase from just 50 to 349 over the period while Staffordshire, Warwickshire and Essex all saw five fold increases. <\/p>\n<p>In total, 21 forces saw offences at least double over the decade while just four, Cleveland, Humberside, Cambridgeshire and Sussex, saw the number fall. <\/p>\n<p>While provisional figures for 2008\/09 suggest overall firearm offences may be down on the previous year, they point to a doubling of the number of people injured or killed. <\/p>\n<p>Some 1,760 gun related injuries or deaths were provisionally recorded for 2008\/09, compared with 864 in 1998\/99. <\/p><\/blockquote>\n<p>Bestimmt sind das alles L\u00c3\u00bcgen, deshalb lieber weiter zu den zum Besten gegebenen &#8222;F\u00c3\u00bcrbitten&#8220;:<\/p>\n<blockquote><p>Herr, lass uns auch als Gesellschaft die notwendigen Schlussfolgerungen ziehen. Wir bitten dich um Einsicht bei denen, die Waffen immer noch f\u00c3\u00bcr harmlosen Zeitvertreib halten und ihre t\u00c3\u00b6dliche Wirkung verkennen oder verharmlosen. <\/p><\/blockquote>\n<p>Wird gemacht. Sobald die evangelische Kirche das Massenvernichtungsmittel &#8222;Alkohol&#8220; offiziell \u00c3\u00a4chtet und  evangelische Kirchenobere und -innen nicht mehr durch Trunkenheitsfahrten durchs n\u00c3\u00a4chtliche Hannover auffallen. Aber warum den Balken im eigenen Auge erkennen, wenn man bei den b\u00c3\u00b6sen Sportsch\u00c3\u00bctzen mit Hilfe der Rasterelektronenmikroskopie so etwas wie einen Splitter ausgemacht zu haben glaubt? Immerhin hat Frau K\u00c3\u00a4\u00c3\u0178mann den ihr angetragenen <a target=\"_blank\" href=\"http:\/\/www.spiegel.de\/spiegel\/vorab\/0,1518,745150,00.html\">Preis f\u00c3\u00bcr Zivilcourage<\/a> abgelehnt.<br \/>\n<!--more--><\/p>\n<blockquote><p>Wir bitten dich f\u00c3\u00bcr unsere Politiker um Mut und den Willen zu klaren Entscheidungen, dass sie  nicht falsche R\u00c3\u00bccksichten nehmen, sondern dass der Schutz des Lebens f\u00c3\u00bcr sie an erster Stelle steht und sie alle daf\u00c3\u00bcr erforderlichen Ma\u00c3\u0178nahmen beschlie\u00c3\u0178en und durchsetzen.<\/p><\/blockquote>\n<p>Der Spruch ist an Realit\u00c3\u00a4tsferne nicht mehr zu \u00c3\u00bcberbieten. Speziell das deutsche Waffenrecht ist gepr\u00c3\u00a4gt durch <a target=\"_blank\" href=\"http:\/\/www.triebel.de\/2011\/02.htm#Auswirkungen\">Anlassgesetzgebung und von unglaublichen Misstrauen der Regierenden gegen\u00c3\u00bcber dem eigenen Volk<\/a>. Wenn falsche R\u00c3\u00bccksichten genommen wurden, dann gegen\u00c3\u00bcber den Opferangeh\u00c3\u00b6rigen von Winnenden, denen man sich nicht ins Gesicht zu trauen sagte, dass ein Schulmassaker trotz allem ein extremer Einzelfall ist und nicht als alleiniger Ma\u00c3\u0178stab f\u00c3\u00bcr gesetzgeberisches Handeln angesehen werden kann und darf.<\/p>\n<p>Genau das hat man sich aber nicht getraut, statt dessen wurden viele Sonntagsreden geschwungen, die sp\u00c3\u00a4testens Mittwoch wieder vergessen sind. Business as usual, so l\u00c3\u00a4uft Politik eben. <\/p>\n<p>Aber meint es der Pastor wirklich ernst mit der &#8222;F\u00c3\u00bcrbitte zum Schutz des Lebens&#8220;? <\/p>\n<p>Ist das jetzt ein Freibrief zur Jagd auf Abtreibungs\u00c3\u00a4rzte? Fordert die evangelische Kirche die Wiedereinf\u00c3\u00bchrung der Todesstrafe f\u00c3\u00bcr M\u00c3\u00b6rder, um im Wiederholungsfall das Leben der potenziellen, unschuldigen Opfer zu sch\u00c3\u00bctzen? Verdammt die evangelische Kirche seit neuestem Homosexualit\u00c3\u00a4t, weil ungesch\u00c3\u00bctzter Analverkehr die Hauptursache f\u00c3\u00bcr HIV-Neuinfektionen und 650 Aids-Tote, <a target=\"_blank\" href=\"http:\/\/de.wikipedia.org\/wiki\/AIDS#Deutschland\">in der Hauptsache schwule M\u00c3\u00a4nner<\/a>, j\u00c3\u00a4hrlich sind? Verzichtet man beim Abendmahl zuk\u00c3\u00bcnftig auf den Messwein, weil \u00c3\u00bcberm\u00c3\u00a4\u00c3\u0178iger Alkoholgenuss jedes Jahr zigtausende Opfer fordert und Leben ausl\u00c3\u00b6scht? Einfach mal Frau K\u00c3\u00a4\u00c3\u0178mann fragen.<\/p>\n<p>So schlie\u00c3\u0178e ich denn auch mit einer F\u00c3\u00bcrbitte:<\/p>\n<p>&#8222;Herr, ich wei\u00c3\u0178, dass ich alles andere als vollkommen bin, aber sei doch bitte so lieb und f\u00c3\u00bchre die Scheinheiligen, die Heuchler, die Selbstgerechten und die Moralapostel auch auf diesen Pfad der Selbsterkenntnis.&#8220;<\/p>\n","protected":false},"excerpt":{"rendered":"<p>Pfarrer Hans-Christoph Werner von der Evangelischen Kirchgemeinde Burgstall hadert anl\u00c3\u00a4sslich des Amoklauf-Gedenkgottesdienstes in der Schlosskirche Winnenden mit seinen L\u00c3\u00a4mmchen, die sich partout weigern, die &#8222;Stiftung gegen Gewalt an Schulen&#8220; zu unterst\u00c3\u00bctzen: Leider stie\u00c3\u0178 die Stiftung beim Kirchenvolk und bei den Kirchengemeinden auf geringe Resonanz. Nur wenige sind Stiftungsmitglieder geworden. Das hingegen spricht F\u00c3\u0153R das Kirchenvolk [&hellip;]<\/p>\n","protected":false},"author":1,"featured_media":0,"comment_status":"open","ping_status":"open","sticky":false,"template":"","format":"standard","meta":{"footnotes":""},"categories":[1,4,7],"tags":[],"class_list":["post-143","post","type-post","status-publish","format-standard","hentry","category-allgemein","category-waffenrecht","category-weltverbesserer"],"_links":{"self":[{"href":"http:\/\/meinungsterror.de\/index.php?rest_route=\/wp\/v2\/posts\/143"}],"collection":[{"href":"http:\/\/meinungsterror.de\/index.php?rest_route=\/wp\/v2\/posts"}],"about":[{"href":"http:\/\/meinungsterror.de\/index.php?rest_route=\/wp\/v2\/types\/post"}],"author":[{"embeddable":true,"href":"http:\/\/meinungsterror.de\/index.php?rest_route=\/wp\/v2\/users\/1"}],"replies":[{"embeddable":true,"href":"http:\/\/meinungsterror.de\/index.php?rest_route=%2Fwp%2Fv2%2Fcomments&post=143"}],"version-history":[{"count":0,"href":"http:\/\/meinungsterror.de\/index.php?rest_route=\/wp\/v2\/posts\/143\/revisions"}],"wp:attachment":[{"href":"http:\/\/meinungsterror.de\/index.php?rest_route=%2Fwp%2Fv2%2Fmedia&parent=143"}],"wp:term":[{"taxonomy":"category","embeddable":true,"href":"http:\/\/meinungsterror.de\/index.php?rest_route=%2Fwp%2Fv2%2Fcategories&post=143"},{"taxonomy":"post_tag","embeddable":true,"href":"http:\/\/meinungsterror.de\/index.php?rest_route=%2Fwp%2Fv2%2Ftags&post=143"}],"curies":[{"name":"wp","href":"https:\/\/api.w.org\/{rel}","templated":true}]}}