{"id":15,"date":"2008-02-10T17:10:10","date_gmt":"2008-02-10T16:10:10","guid":{"rendered":"http:\/\/meinungsterror.de\/?p=15"},"modified":"2008-02-10T17:10:10","modified_gmt":"2008-02-10T16:10:10","slug":"gewaltmonopol-in-theorie-und-praxis","status":"publish","type":"post","link":"http:\/\/meinungsterror.de\/?p=15","title":{"rendered":"Gewaltmonopol in Theorie und Praxis"},"content":{"rendered":"<p>Viele Bef\u00c3\u00bcrworter von Waffenverboten f\u00c3\u00bcr unbescholtene B\u00c3\u00bcrger argumentieren damit, dass das Gewaltmonopol ausschlie\u00c3\u0178lich beim Staat liegt und nur Polizei und Milit\u00c3\u00a4r Waffen f\u00c3\u00bchren sollen.<\/p>\n<p>Scheinbar haben Polizei und Milit\u00c3\u00a4r im 20. Jahrhundert in Deutschland als &#8222;Gewaltmonopolisten&#8220; nicht genug Unheil angerichtet oder die Kritiker sehen in Polizisten perfekte \u00c3\u0153bermenschen, die ihre Dienstwaffen jederzeit nur zu dienstlichen Zwecken einsetzen.<\/p>\n<p><img src='http:\/\/meinungsterror.de\/wp-content\/uploads\/2008\/02\/gm_20080125_blutbad.jpg' alt='Polizisten richten Blutbad in Dresden an' \/><\/p>\n<p><!--more--><br \/>\nPolizisten sind aber auch nur Menschen, von daher ist es nicht verwunderlich, dass auch diese Berufsgruppe schwarze Schafe unter sich hat. Niemand k\u00c3\u00a4me aber deshalb auf die Idee, die komplette Polizei zu entwaffnen. <\/p>\n<p>Vielleicht sollte man Polizeibeamte besser entlohnen, dann m\u00c3\u00bcssten sie auch nicht mit ihren Dienstwaffen Superm\u00c3\u00a4rkte \u00c3\u00bcberfallen, wie die &#8222;Ostfriesen Zeitung&#8220; (kein Scherz!) berichtete:<\/p>\n<p><a href='http:\/\/meinungsterror.de\/wp-content\/uploads\/2008\/02\/gm_20051202_oz.pdf' title='Ostfriesen Zeitung v. 02.12.2005: Papenburger Polizist ist gesuchter R\u00c3\u00a4uber'>Ostfriesen Zeitung v. 02.12.2005: Papenburger Polizist ist gesuchter R\u00c3\u00a4uber<\/a> <\/p>\n<p>Gesetzesh\u00c3\u00bcter als M\u00c3\u00b6rder, &#8222;S\u00c3\u00a4chsische Zeitung&#8220; am 2. August 2005:<\/p>\n<p><img src='http:\/\/meinungsterror.de\/wp-content\/uploads\/2008\/02\/gm_20050802_sz_suizidnachmord.jpg' alt='Polizist begeht Jahre nach Mord Selbstmord' \/><\/p>\n<p>In der gleichen Ausgabe Polizistenselbstmord mit Dienstwaffe:<\/p>\n<p><img src='http:\/\/meinungsterror.de\/wp-content\/uploads\/2008\/02\/gm_20050802_sz_suizidringstorff.jpg' alt='Polizistenselbstmord mit Dienstwaffe' \/><\/p>\n<p>Alleine diese Beispiele verdeutlichen, dass ein staatliches Gewaltmonopol ausschlie\u00c3\u0178lich staatlichen Missbrauch dieses Monopols bedeuten w\u00c3\u00bcrde. <\/p>\n<p>Wie &#8222;frei&#8220; B\u00c3\u00bcrger in Staaten mit solchen Gewaltmonopolen sind, sieht man in China, Kuba oder Nordkorea. Sollen diese Musterdemokratien wirklich Vorbild f\u00c3\u00bcr uns sein? <\/p>\n","protected":false},"excerpt":{"rendered":"<p>Viele Bef\u00c3\u00bcrworter von Waffenverboten f\u00c3\u00bcr unbescholtene B\u00c3\u00bcrger argumentieren damit, dass das Gewaltmonopol ausschlie\u00c3\u0178lich beim Staat liegt und nur Polizei und Milit\u00c3\u00a4r Waffen f\u00c3\u00bchren sollen. Scheinbar haben Polizei und Milit\u00c3\u00a4r im 20. Jahrhundert in Deutschland als &#8222;Gewaltmonopolisten&#8220; nicht genug Unheil angerichtet oder die Kritiker sehen in Polizisten perfekte \u00c3\u0153bermenschen, die ihre Dienstwaffen jederzeit nur zu dienstlichen [&hellip;]<\/p>\n","protected":false},"author":1,"featured_media":0,"comment_status":"open","ping_status":"open","sticky":false,"template":"","format":"standard","meta":{"footnotes":""},"categories":[1,4],"tags":[],"class_list":["post-15","post","type-post","status-publish","format-standard","hentry","category-allgemein","category-waffenrecht"],"_links":{"self":[{"href":"http:\/\/meinungsterror.de\/index.php?rest_route=\/wp\/v2\/posts\/15"}],"collection":[{"href":"http:\/\/meinungsterror.de\/index.php?rest_route=\/wp\/v2\/posts"}],"about":[{"href":"http:\/\/meinungsterror.de\/index.php?rest_route=\/wp\/v2\/types\/post"}],"author":[{"embeddable":true,"href":"http:\/\/meinungsterror.de\/index.php?rest_route=\/wp\/v2\/users\/1"}],"replies":[{"embeddable":true,"href":"http:\/\/meinungsterror.de\/index.php?rest_route=%2Fwp%2Fv2%2Fcomments&post=15"}],"version-history":[{"count":0,"href":"http:\/\/meinungsterror.de\/index.php?rest_route=\/wp\/v2\/posts\/15\/revisions"}],"wp:attachment":[{"href":"http:\/\/meinungsterror.de\/index.php?rest_route=%2Fwp%2Fv2%2Fmedia&parent=15"}],"wp:term":[{"taxonomy":"category","embeddable":true,"href":"http:\/\/meinungsterror.de\/index.php?rest_route=%2Fwp%2Fv2%2Fcategories&post=15"},{"taxonomy":"post_tag","embeddable":true,"href":"http:\/\/meinungsterror.de\/index.php?rest_route=%2Fwp%2Fv2%2Ftags&post=15"}],"curies":[{"name":"wp","href":"https:\/\/api.w.org\/{rel}","templated":true}]}}