{"id":1635,"date":"2019-03-08T14:31:32","date_gmt":"2019-03-08T13:31:32","guid":{"rendered":"http:\/\/meinungsterror.de\/?p=1635"},"modified":"2019-03-09T09:43:33","modified_gmt":"2019-03-09T08:43:33","slug":"fragwuerdiges-jubilaeum-zehn-jahre-amoklaufverwertung","status":"publish","type":"post","link":"http:\/\/meinungsterror.de\/?p=1635","title":{"rendered":"Fragw\u00c3\u00bcrdiges Jubil\u00c3\u00a4um: Zehn Jahre Amoklaufverwertung"},"content":{"rendered":"<p><img loading=\"lazy\" decoding=\"async\" src=\"http:\/\/meinungsterror.de\/wp-content\/uploads\/2019\/03\/0y_2019_mt_seifenblase_a_450px.png\" alt=\"\" width=\"450\" height=\"146\" class=\"aligncenter size-full wp-image-1659\" srcset=\"http:\/\/meinungsterror.de\/wp-content\/uploads\/2019\/03\/0y_2019_mt_seifenblase_a_450px.png 450w, http:\/\/meinungsterror.de\/wp-content\/uploads\/2019\/03\/0y_2019_mt_seifenblase_a_450px-300x97.png 300w\" sizes=\"(max-width: 450px) 100vw, 450px\" \/><br \/>\nAuch im zehnten Jahr nach der Bluttat von Winnenden l\u00c3\u00a4uft alles nach dem  altbekannten Muster ab:<\/p>\n<p>Roman Grafe saugt sich eine <a href=\"http:\/\/meinungsterror.de\/wp-content\/uploads\/2019\/03\/Presse-Erklaerung-Winnenden-Jahrestag-8_3_2019.pdf\">Presse-Erkl\u00c3\u00a4rung<\/a> aus den Fingern, die aus den mittlerweile sattsam bekannten Textbausteinen seiner \u00c3\u00a4u\u00c3\u0178erst speziellen Wahrnehmung der Wirklichkeit besteht. Die \u00c3\u00bcblichen w\u00c3\u00bcsten Beschimpfungen und Hasstiraden, die billigen H\u00c3\u00bctchenspielertricks mit willk\u00c3\u00bcrlich zusammengeschusterten &#8222;Statistiken&#8220; und in den Raum gestellten, angeblichen Opferzahlen. <\/p>\n<p>Sein pers\u00c3\u00b6nlicher Kreuzzug, seine heilige Inquisition gegen die uneinsichtigen Sportsch\u00c3\u00bctzen, die sich partout weigern, sich seinen Glaubensgrunds\u00c3\u00a4tzen zu unterwerfen, erhalten wieder ein paar Tage mediale Aufmerksamkeit. Im Jubil\u00c3\u00a4umsjahr, zur &#8222;Feier&#8220; der Trag\u00c3\u00b6die sozusagen, wird via Pressemitteilung auch noch flei\u00c3\u0178ig die Werbetrommel f\u00c3\u00bcr seine neue Schwarte ger\u00c3\u00bchrt. Die Einnahmequelle &#8222;Opferinstrumentalisierung&#8220; muss weiter sprudeln. <\/p>\n<p>Von daher w\u00c3\u00a4re das Schlimmste, was ihm passieren kann, dass sich politische Mehrheiten finden, die seine feuchten Totalentwaffnungstr\u00c3\u00a4ume eins zu eins in die Realit\u00c3\u00a4t umsetzen. Vorbei w\u00c3\u00a4ren die Zeiten, wo man sich eine Handvoll von mehreren Tausend T\u00c3\u00b6tungsdelikten j\u00c3\u00a4hrlich herauspicken und dazu missbrauchen kann, um die eigene Propagandamaschinerie zu schmieren. Ohne das so sch\u00c3\u00b6n skandalisierbare Tatmittel &#8222;legal besessene Sportwaffe&#8220; und die daraus irgendwie abgeleiteten Opferzahlen, m\u00c3\u00bcsste er sich ein neues T\u00c3\u00a4tigkeitsfeld suchen.<br \/>\n<!--more--><br \/>\nDa sich zur Volksentwaffnung die Salamitaktik in den letzten Jahrzehnten aber au\u00c3\u0178erordentlich gut bew\u00c3\u00a4hrt hat, steht ein abruptes Ende des Sportschie\u00c3\u0178ens momentan noch nicht zur Debatte. <\/p>\n<p>So wird es auch noch in der n\u00c3\u00a4chsten Dekade ausreichend Jahrestage geben, um das S\u00c3\u00bcppchen am K\u00c3\u00b6cheln zu halten und zu hoffen, dass sich kein Redakteur in den Leit- und Qualit\u00c3\u00a4tsmedien jemals wenigstens f\u00c3\u00bcr die groben Widerspr\u00c3\u00bcche interessiert, die Herrn Grafes Elaborate kennzeichnen.<\/p>\n<p>So behauptet Grafe:<\/p>\n<blockquote><p>\nAm 11. M\u00c3\u00a4rz 2009 hatte ein siebzehnj\u00c3\u00a4hriger Sportsch\u00c3\u00bctze mit der Sportwaffe seines Vaters in der Albertville-Realschule Winnenden neun Sch\u00c3\u00bcler und drei Lehrerinnen erschossen.\n<\/p><\/blockquote>\n<p>Dabei scheint er der Einzige zu sein, der von einer Mitgliedschaft des Massenm\u00c3\u00b6rders im Sch\u00c3\u00bctzenverein wei\u00c3\u0178. Die &#8222;<a href=\"https:\/\/rp-online.de\/panorama\/deutschland\/eine-einigermassen-normale-entwicklung_aid-12230289\">Rheinische Post&#8220; schreibt<\/a> z. B. zum gleichen Thema:<\/p>\n<p><img loading=\"lazy\" decoding=\"async\" src=\"http:\/\/meinungsterror.de\/wp-content\/uploads\/2019\/03\/0y_2019_mt_rp_timk_gastsch_a_450px.png\" alt=\"\" width=\"450\" height=\"104\" class=\"aligncenter size-full wp-image-1645\" srcset=\"http:\/\/meinungsterror.de\/wp-content\/uploads\/2019\/03\/0y_2019_mt_rp_timk_gastsch_a_450px.png 450w, http:\/\/meinungsterror.de\/wp-content\/uploads\/2019\/03\/0y_2019_mt_rp_timk_gastsch_a_450px-300x69.png 300w\" sizes=\"(max-width: 450px) 100vw, 450px\" \/><\/p>\n<blockquote><p>\nTim K. war selbst nicht Mitglied in dem Sch\u00c3\u00bctzenverein, hat dort aber als &#8222;Gastsch\u00c3\u00bctze&#8220; gelegentlich Schie\u00c3\u0178\u00c3\u00bcbungen gemacht.<\/p><\/blockquote>\n<p>Merken wir uns: Um ein Sportsch\u00c3\u00bctze zu sein, muss man nach Herrn Grafe kein Sportsch\u00c3\u00bctze sein. Ein ein- oder mehrmaliger Besuch als Gast in einem Sch\u00c3\u00bctzenverein reicht aus. <\/p>\n<p>Nur durch solche alternativen Fakten schafft es Meister Grafe, seine Opferzahlenstatistik auf ein wenigstens ann\u00c3\u00a4hernd dramatisch wirkendes Niveau aufzupumpen, mit dem man dann unbedarfte Menschen ohne Hintergrundwissen erschrecken kann. So kann man alles und jeden zum &#8222;Sportsch\u00c3\u00bctzen&#8220; deklarieren, vom <a href=\"https:\/\/www.welt.de\/vermischtes\/weltgeschehen\/article12723569\/Getoetete-vom-Schiessstand-Genthin-wohl-Zufallsopfer.html\">psychisch gest\u00c3\u00b6rten Gastsch\u00c3\u00bctzen<\/a> in Genthin bis zum <a href=\"https:\/\/www.stern.de\/panorama\/stern-crime\/drama-von-karlsruhe-der-moerder-und-seine-spielsucht-3452980.html\">Franzosen mit illegalen Waffen<\/a> in Karlsruhe. Und weil man seitens der meisten Medien die Grafeschen M\u00c3\u00a4rchen unbesehen glaubt, fallen selbst grobe Widerspr\u00c3\u00bcche nicht auf.<\/p>\n<p>So definiert Herr Grafe h\u00c3\u00b6chstpers\u00c3\u00b6nlich in seiner Pressemitteilung, was ein Sportsch\u00c3\u00bctze ist:<\/p>\n<blockquote><p>\nDabei haben mehr als 99 Prozent der Deutschen keine scharfen Sportwaffen: Nach der Datenbereinigung des Nationalen Waffenregisters hat sich Ende 2017 herausgestellt, da\u00c3\u0178 nur rund 350.000 Sportsch\u00c3\u00bctzen privat t\u00c3\u00b6dliche Schu\u00c3\u0178waffen besitzen.<\/p><\/blockquote>\n<p><img loading=\"lazy\" decoding=\"async\" src=\"http:\/\/meinungsterror.de\/wp-content\/uploads\/2019\/03\/0y_2019_mt_spomowa_350000_a_450px.png\" alt=\"\" width=\"450\" height=\"50\" class=\"aligncenter size-full wp-image-1647\" srcset=\"http:\/\/meinungsterror.de\/wp-content\/uploads\/2019\/03\/0y_2019_mt_spomowa_350000_a_450px.png 450w, http:\/\/meinungsterror.de\/wp-content\/uploads\/2019\/03\/0y_2019_mt_spomowa_350000_a_450px-300x33.png 300w\" sizes=\"(max-width: 450px) 100vw, 450px\" \/><\/p>\n<p>Was nun? Vorhin war doch, wir erinnern uns, jeder gleich ein &#8222;Sportsch\u00c3\u00bctze&#8220;, der mal irgendwann, irgendwo, vielleicht als Gast bei einem Tag der offenen T\u00c3\u00bcr, geschossen hat. Das tr\u00c3\u00a4fe vermutlich auf die H\u00c3\u00a4lfte der Bev\u00c3\u00b6lkerung zu.<\/p>\n<p>Wenn es aber darum geht, eine ohnehin kleine Minderheit und ihre Rechte als gesamtgesellschaftlich irrelevant darzustellen, dann gelten die \u00c3\u00bcblichen Doppelstandards des Herrn Grafe: Da z\u00c3\u00a4hlt zur Menge der Gruppe der Sportsch\u00c3\u00bctzen nur, wer wenigstens eine erlaubnispflichtige Schusswaffe auf das Bed\u00c3\u00bcrfnis &#8222;Schie\u00c3\u0178sport&#8220; im Nationalen Waffenregister zu stehen hat.<\/p>\n<p>W\u00c3\u00bcrde Herr Grafe seine hier an den Tag gelegte Definition des quantifizierbaren &#8222;Sportsch\u00c3\u00bctzen&#8220; ebenfalls auf seine &#8222;Sportmordwaffen&#8220;-Opferliste anwenden, w\u00c3\u00bcrde diese pl\u00c3\u00b6tzlich verdammt kurz werden. Seine Masche w\u00c3\u00a4re dahin, seine gewaltige, bunt schillernde Seifenblase geplatzt.<\/p>\n<p>So aber werden weiterhin Fakenews erzeugt und Fakten so lange gebogen, bis sie irgendwie ins L\u00c3\u00bcgengebilde passen. Wird schon keiner merken. Es f\u00c3\u00a4llt ja auch niemanden auf, warum man immer die gleichen zwei, lange zur\u00c3\u00bcckliegenden Schie\u00c3\u0178ereien bem\u00c3\u00bchen muss, um die angebliche Gef\u00c3\u00a4hrlichkeit von &#8222;Sportsch\u00c3\u00bctzen&#8220; zu dokumentieren. <\/p>\n<p>Herzlichen Gl\u00c3\u00bcckw\u00c3\u00bcnsch zum Jubil\u00c3\u00a4um.<\/p>\n<p><em>Foto: pixabay.com<\/em><\/p>\n","protected":false},"excerpt":{"rendered":"<p>Auch im zehnten Jahr nach der Bluttat von Winnenden l\u00c3\u00a4uft alles nach dem altbekannten Muster ab: Roman Grafe saugt sich eine Presse-Erkl\u00c3\u00a4rung aus den Fingern, die aus den mittlerweile sattsam bekannten Textbausteinen seiner \u00c3\u00a4u\u00c3\u0178erst speziellen Wahrnehmung der Wirklichkeit besteht. Die \u00c3\u00bcblichen w\u00c3\u00bcsten Beschimpfungen und Hasstiraden, die billigen H\u00c3\u00bctchenspielertricks mit willk\u00c3\u00bcrlich zusammengeschusterten &#8222;Statistiken&#8220; und in den [&hellip;]<\/p>\n","protected":false},"author":1,"featured_media":0,"comment_status":"open","ping_status":"open","sticky":false,"template":"","format":"standard","meta":{"footnotes":""},"categories":[1,22,30,15,5,20,4,7],"tags":[],"class_list":["post-1635","post","type-post","status-publish","format-standard","hentry","category-allgemein","category-falschbehauptungen","category-grafe","category-lug-und-trug","category-medien","category-volksverdummung","category-waffenrecht","category-weltverbesserer"],"_links":{"self":[{"href":"http:\/\/meinungsterror.de\/index.php?rest_route=\/wp\/v2\/posts\/1635"}],"collection":[{"href":"http:\/\/meinungsterror.de\/index.php?rest_route=\/wp\/v2\/posts"}],"about":[{"href":"http:\/\/meinungsterror.de\/index.php?rest_route=\/wp\/v2\/types\/post"}],"author":[{"embeddable":true,"href":"http:\/\/meinungsterror.de\/index.php?rest_route=\/wp\/v2\/users\/1"}],"replies":[{"embeddable":true,"href":"http:\/\/meinungsterror.de\/index.php?rest_route=%2Fwp%2Fv2%2Fcomments&post=1635"}],"version-history":[{"count":24,"href":"http:\/\/meinungsterror.de\/index.php?rest_route=\/wp\/v2\/posts\/1635\/revisions"}],"predecessor-version":[{"id":1664,"href":"http:\/\/meinungsterror.de\/index.php?rest_route=\/wp\/v2\/posts\/1635\/revisions\/1664"}],"wp:attachment":[{"href":"http:\/\/meinungsterror.de\/index.php?rest_route=%2Fwp%2Fv2%2Fmedia&parent=1635"}],"wp:term":[{"taxonomy":"category","embeddable":true,"href":"http:\/\/meinungsterror.de\/index.php?rest_route=%2Fwp%2Fv2%2Fcategories&post=1635"},{"taxonomy":"post_tag","embeddable":true,"href":"http:\/\/meinungsterror.de\/index.php?rest_route=%2Fwp%2Fv2%2Ftags&post=1635"}],"curies":[{"name":"wp","href":"https:\/\/api.w.org\/{rel}","templated":true}]}}