{"id":386,"date":"2012-07-10T16:12:48","date_gmt":"2012-07-10T15:12:48","guid":{"rendered":"http:\/\/meinungsterror.de\/?p=386"},"modified":"2012-07-11T13:21:02","modified_gmt":"2012-07-11T12:21:02","slug":"sensation-hardy-schober-fur-liberaleres-waffenrecht","status":"publish","type":"post","link":"http:\/\/meinungsterror.de\/?p=386","title":{"rendered":"Sensation! Hardy Schober f\u00c3\u00bcr liberaleres Waffenrecht!"},"content":{"rendered":"<p>Na ja, ganz so ist es nun auch wieder nicht. Aber irgendwie schon, schlie\u00c3\u0178lich <a target=\"_blank\" href=\"http:\/\/www.schwaebische.de\/region\/wir-im-sueden\/baden-wuerttemberg_artikel,-Aktionsbuendnis-Sportschuetzen-Waffen-sollen-endlich-zentral-gelagert-werden-_arid,5282192.html\">fordert er<\/a>:<\/p>\n<blockquote><p>Schober mahnte auch EU-weit einheitliche Waffengesetze an. \u00e2\u20ac\u017eWir diskutieren \u00c3\u00bcber gemeinsame W\u00c3\u00a4hrung und Rettungsfonds, aber wir sind nicht f\u00c3\u00a4hig, eine gemeinsame Waffenpolitik in Europa zu betreiben.\u00e2\u20ac\u0153<\/p><\/blockquote>\n<p>Deutschland hat, abgesehen vom Vereinigten K\u00c3\u00b6nigreich, das mit Abstand restriktivste Waffenrecht im EU-Raum und es ist nicht anzunehmen, dass sich ganz Europa der deutschen Waffenrechtsparanoia unterwerfen w\u00c3\u00bcrde.<\/p>\n<p>Selbst im von Waffenverbotshysterikern zum Paradies auf Erden verkl\u00c3\u00a4rten England sind z. B. Flinten, f\u00c3\u00bcr die man hierzulande ein Bed\u00c3\u00bcrfnis als Sportsch\u00c3\u00bctze vorweisen oder J\u00c3\u00a4ger sein muss, relativ problemlos erwerbbar.<br \/>\n<!--more--><br \/>\nGleiches gilt f\u00c3\u00bcr den Erwerb von Langwaffen in ziemlich allen uns umgebenden Nachbarl\u00c3\u00a4ndern. Der Erwerb und Besitz ist in der Regel einfach und unkompliziert m\u00c3\u00b6glich. Also genau so, wie es einst auch in Deutschland \u00c3\u00bcblich war.<\/p>\n<p>Glaubt da der Herr Schober wirklich, dass unsere Nachbarn seiner Meinung sind, ausgerechnet am deutschen Misstrauenswesen m\u00c3\u00bcsse die Welt genesen? <\/p>\n<p>Mehr als drei Jahre immer die gleiche Gebetsm\u00c3\u00bchle mit dem Mantra &#8222;Die Sportsch\u00c3\u00bctzen sind an allem Schuld&#8220; zu drehen, scheint doch nicht spurlos an einem vorbei zu gehen. So versteigt man sich dann auch in eine v\u00c3\u00b6llig irrationale Sicht der Dinge, die in so unglaublichen Aussagen gipfeln wie<\/p>\n<blockquote><p> Seit dieser Bluttat (Winnenden, Anm. BK) sind laut Aktionsb\u00c3\u00bcndnis 24 Menschen in Deutschland durch legale Pistolen und Gewehre zu Tode gekommen. Viele dieser Morde h\u00c3\u00a4tten nach Ansicht Schobers verhindert werden k\u00c3\u00b6nnen, wenn Sch\u00c3\u00bctzenvereine die Waffen ihrer Mitglieder zentral aufbewahrt und umfassend gesichert h\u00c3\u00a4tten. <\/p><\/blockquote>\n<p>Abgesehen davon, dass diese angeblichen 24 Opfer einfach in den Raum gestellt werden und nirgends ersichtlich ist, welche konkreten Ereignisse sich dahinter verbergen und im Verh\u00c3\u00a4ltnis zu wie vielen Mordopfern ingesamt diese 24 zu sehen sind: <\/p>\n<p>Welches Todesopfer h\u00c3\u00a4tte durch eine Zentrallagerung verhindert werden k\u00c3\u00b6nnen?<\/p>\n<p>Wird man einen Lebensm\u00c3\u00bcden vom Suizid abhalten, wenn er vorher die Waffe, mit der er sich das Lebenslicht auspusten m\u00c3\u00b6chte, in der Verwahrstelle abholen muss? <\/p>\n<p>Wird ein Mensch, der einen Massenmord plant und statt der \u00c3\u00bcblichen illegalen Kanone unbedingt eine registrierte Sportwaffen nutzen m\u00c3\u00b6chte, den Umweg \u00c3\u00bcber die Waffenkammer scheuen?<\/p>\n<p>Und vor allem: Wenn 80 Prozent der T\u00c3\u00b6tungsdelikte g\u00c3\u00a4nzlich ohne Schusswaffenbeteiligung \u00c3\u00bcber die B\u00c3\u00bchne gehen und von dem F\u00c3\u00bcnftel mit Schusswaffen widerum <a target=\"_blank\" href=\"http:\/\/www.focus.de\/panorama\/boulevard\/brennpunkt-waffenbesitz_aid_642389.html\">95% illegal<\/a> sind &#8211; wird man davon auch wirklich nur einen Toten verhindern, wenn es 99% der M\u00c3\u00b6rder und Totschl\u00c3\u00a4ger ohnehin auch ohne legale Waffe gelingt, Unheil anzurichten?<\/p>\n<p>Morde durch Zentrallagerung des statistisch v\u00c3\u00b6llig irrelevanten Tatmittels &#8222;legal besessene Schusswaffen&#8220; verhindern zu wollen ist eine Wunschvorstellungen, die nur dann funktionieren w\u00c3\u00bcrde, wenn es diesen d\u00c3\u00a4mlichen Unsicherheitsfaktor &#8222;Mensch&#8220; und dessen freien Willen nicht g\u00c3\u00a4be.<\/p>\n<p>Aber dann h\u00c3\u00a4tten auch schon die diversen sozialistischen\/kommunistischen Experimente im 20. Jahrhundert funktioniert und nicht nur Elend und Leichenberge hinterlassen.<\/p>\n<p>A propos Sozialismus, gro\u00c3\u0178z\u00c3\u00bcgig mit dem Geld anderer Leute geht man beim Aktionismusb\u00c3\u00bcndnis auch um:<\/p>\n<blockquote><p>Die Kontrollen k\u00c3\u00b6nne man den Waffenbesitzern in Rechnung stellen, selbst wenn sie gegen keine Vorschriften verstie\u00c3\u0178en, sagte Schober. \u00e2\u20ac\u017eWenn ich zum T\u00c3\u0153V fahre und mein Auto kommt ohne Beanstandungen durch, muss ich auch zahlen.\u00e2\u20ac\u0153 <\/p><\/blockquote>\n<p>Klingt ja soweit nicht mal unvern\u00c3\u00bcnftig, bei der sonst an den Tag gelegten Irrationalit\u00c3\u00a4t.<\/p>\n<p>Was Herr Schober bei seinem T\u00c3\u0153V-Vergleich leider vergessen hat zu erw\u00c3\u00a4hnen:<\/p>\n<p>Nahezu alle am Stra\u00c3\u0178enverkehr teilnehmenden PKW sind auch angemeldet. Bei Schusswaffen wissen die Beh\u00c3\u00b6rden von maximal einem Drittel, wem sie geh\u00c3\u00b6ren und wo sie sich befinden. Der Rest ist illegal und entzieht sich jeglicher Kontrolle. Waffenkontrollen betreffen ausschlie\u00c3\u0178lich die ohnehin rechtstreuen B\u00c3\u00bcrger.<\/p>\n<p>Au\u00c3\u0178erdem ist ein Kraftfahrzeug eine komplexe Maschine und unterliegt st\u00c3\u00a4ndigem Verschlei\u00c3\u0178. Eine Kontrolle durch eine unabh\u00c3\u00a4ngige Pr\u00c3\u00bcfstelle verringert die Gef\u00c3\u00a4hrdung der Insassen sowie von unbeteiligten Dritten. Trotzdem kommt es t\u00c3\u00a4glich zu t\u00c3\u00b6dlichen Verkehrsunf\u00c3\u00a4llen auf Grund Unachtsamkeit und Fahrl\u00c3\u00a4ssigkeit.<\/p>\n<p>Vors\u00c3\u00a4tzlich herbeigef\u00c3\u00bchrte Unf\u00c3\u00a4lle mit Kraftfahrzeugen sind dagegen relativ selten.<\/p>\n<p>Und genau hier liegt der Unterschied zu Sportwaffen und ihren Besitzern:<\/p>\n<p>Sportschie\u00c3\u0178en ist eine der sichersten Sportarten \u00c3\u00bcberhaupt, Unf\u00c3\u00a4lle mit Verletzten oder gar Toten sind extrem selten. Nur wenn Vorsatz im Spiel ist, kommen Menschen zu Schaden.<\/p>\n<p>Nur l\u00c3\u00a4sst sich Vorsatz weder durch den Gesetzgeber, geschweige denn den T\u00c3\u0153V und\/oder das Kassieren von Geb\u00c3\u00bchren unterbinden.<\/p>\n<p>Die Waffen des Mehrfachmordes von Karlsruhe <a target=\"_blank\" href=\"http:\/\/www.morgenpost.de\/vermischtes\/article107921783\/Noch-mehr-Waffen-in-Wohnung-des-Attentaeters-gefunden.html\">waren illegal<\/a>, in Heilbronn scheint es sich um einen <a target=\"_blank\" href=\"http:\/\/www.welt.de\/newsticker\/news3\/article108217739\/Polizei-geht-im-Fall-des-erschossenen-Ehepaars-von-Suizid-aus.html\">gemeinsamen ver\u00c3\u00bcbten Selbstmord<\/a> zu handeln. <\/p>\n<p>Nicht in Karlsruhe und auch nicht in Heilbronn h\u00c3\u00a4tte eine Zentrallagerung ein Menschenleben gerettet. <\/p>\n<p>Nur ein gewisses Aktionsb\u00c3\u00bcndnis, pardon, schei\u00c3\u0178t mal wieder auf die Opfer und instrumentalisiert diese mit einem be\u00c3\u00a4ngstigenden Fanatismus f\u00c3\u00bcr die eigenen Zwecke.<\/p>\n","protected":false},"excerpt":{"rendered":"<p>Na ja, ganz so ist es nun auch wieder nicht. Aber irgendwie schon, schlie\u00c3\u0178lich fordert er: Schober mahnte auch EU-weit einheitliche Waffengesetze an. \u00e2\u20ac\u017eWir diskutieren \u00c3\u00bcber gemeinsame W\u00c3\u00a4hrung und Rettungsfonds, aber wir sind nicht f\u00c3\u00a4hig, eine gemeinsame Waffenpolitik in Europa zu betreiben.\u00e2\u20ac\u0153 Deutschland hat, abgesehen vom Vereinigten K\u00c3\u00b6nigreich, das mit Abstand restriktivste Waffenrecht im EU-Raum [&hellip;]<\/p>\n","protected":false},"author":1,"featured_media":0,"comment_status":"open","ping_status":"open","sticky":false,"template":"","format":"standard","meta":{"footnotes":""},"categories":[1,14,15,5,4,7],"tags":[],"class_list":["post-386","post","type-post","status-publish","format-standard","hentry","category-allgemein","category-burgerkriminalisierung","category-lug-und-trug","category-medien","category-waffenrecht","category-weltverbesserer"],"_links":{"self":[{"href":"http:\/\/meinungsterror.de\/index.php?rest_route=\/wp\/v2\/posts\/386"}],"collection":[{"href":"http:\/\/meinungsterror.de\/index.php?rest_route=\/wp\/v2\/posts"}],"about":[{"href":"http:\/\/meinungsterror.de\/index.php?rest_route=\/wp\/v2\/types\/post"}],"author":[{"embeddable":true,"href":"http:\/\/meinungsterror.de\/index.php?rest_route=\/wp\/v2\/users\/1"}],"replies":[{"embeddable":true,"href":"http:\/\/meinungsterror.de\/index.php?rest_route=%2Fwp%2Fv2%2Fcomments&post=386"}],"version-history":[{"count":0,"href":"http:\/\/meinungsterror.de\/index.php?rest_route=\/wp\/v2\/posts\/386\/revisions"}],"wp:attachment":[{"href":"http:\/\/meinungsterror.de\/index.php?rest_route=%2Fwp%2Fv2%2Fmedia&parent=386"}],"wp:term":[{"taxonomy":"category","embeddable":true,"href":"http:\/\/meinungsterror.de\/index.php?rest_route=%2Fwp%2Fv2%2Fcategories&post=386"},{"taxonomy":"post_tag","embeddable":true,"href":"http:\/\/meinungsterror.de\/index.php?rest_route=%2Fwp%2Fv2%2Ftags&post=386"}],"curies":[{"name":"wp","href":"https:\/\/api.w.org\/{rel}","templated":true}]}}