{"id":390,"date":"2012-08-23T12:05:19","date_gmt":"2012-08-23T11:05:19","guid":{"rendered":"http:\/\/meinungsterror.de\/?p=390"},"modified":"2012-09-05T20:28:16","modified_gmt":"2012-09-05T19:28:16","slug":"schildgen-moralhauptstadt-von-deutschland","status":"publish","type":"post","link":"http:\/\/meinungsterror.de\/?p=390","title":{"rendered":"Schildgen, Moralhauptstadt von Deutschland"},"content":{"rendered":"<p>Kennen Sie Schildgen?<\/p>\n<p>Nein? Ging mir bis eben auch so.<\/p>\n<p>Dabei sollte jedes Kind auf der Welt <a target=\"_blank\" href=\"http:\/\/de.wikipedia.org\/wiki\/Schildgen\">Schildgen<\/a> kennen. Immerhin muss ein Teil der dortigen B\u00c3\u00bcrgerschaft \u00c3\u00bcber moralische Qualit\u00c3\u00a4ten verf\u00c3\u00bcgen, gegen die selbst Jesus Christus, Mutter Teresa, der Dalai Lama und Mahatma Gandhi wie ein Haufen Pr\u00c3\u00bcgel-Rowdies wirken. <\/p>\n<p>Shangri-La war gestern, der moralisch \u00c3\u00bcberlegene \u00c3\u0153bermensch von heute lebt scheinbar in Schildgen. Schildgener Bessermenschen und Wutb\u00c3\u00bcrger <a target=\"_blank\" href=\"http:\/\/www.ksta.de\/bergisch-gladbach\/schiessstand-streit-um-das-schuetzenheim,15189226,16552496.html\">machen n\u00c3\u00a4mlich mobil<\/a> gegen die Pl\u00c3\u00a4ne der dort beheimateten Sankt-Sebastianus-Sch\u00c3\u00bctzenbruderschaft, die gerne um- und anbauen m\u00c3\u00b6chte. <\/p>\n<p>Kostprobe gef\u00c3\u00a4llig?<\/p>\n<blockquote><p>Ein Anwohner beleidigt die Gr\u00c3\u00bcnr\u00c3\u00b6cke \u00e2\u20ac\u017eals eine Handvoll schie\u00c3\u0178freudiger Menschen\u00e2\u20ac\u0153, die \u00e2\u20ac\u017eseine Nachtruhe st\u00c3\u00b6ren wollen\u00e2\u20ac\u0153. Andere bezeichnen die geplanten Schie\u00c3\u0178st\u00c3\u00a4nde als \u00e2\u20ac\u017eunmoralisch\u00e2\u20ac\u0153, weil sich \u00e2\u20ac\u017eeine Minderheit \u00c3\u00bcber die Mehrheit der B\u00c3\u00bcrger hinwegsetzt\u00e2\u20ac\u0153. <\/p><\/blockquote>\n<p>Es geht aber auch noch &#8222;besser&#8220;:<\/p>\n<blockquote><p>Die Errichtung von Schie\u00c3\u0178anlagen in unmittelbarer N\u00c3\u00a4he zur Kindertagesst\u00c3\u00a4tte \u00e2\u20ac\u017eHerz Jesu\u00e2\u20ac\u0153 und eines Wohnheims f\u00c3\u00bcr Menschen mit Behinderungen wird als \u00e2\u20ac\u017eTerror\u00e2\u20ac\u0153 aufgefasst. \u00e2\u20ac\u017eDiese Menschen k\u00c3\u00b6nnen den Knall, der von Schusswaffen ausgeht, nicht einordnen. Sie schrecken zusammen, und ihre Reaktionen sind nicht abzusch\u00c3\u00a4tzen\u00e2\u20ac\u0153, best\u00c3\u00a4tigt Wohnheimleiter Markus K\u00c3\u00b6lling. <\/p><\/blockquote>\n<p>Klingt ja fast, als wollten die Sankt Sebastianer mehr eine Versuchsanstalt f\u00c3\u00bcr Schiffsartillerie errichten, als einen Schie\u00c3\u0178stand f\u00c3\u00bcr die Belange von Sportsch\u00c3\u00bctzen. Dabei geht es, wie ein <a target=\"_blank\" href=\"http:\/\/www.ksta.de\/bergisch-gladbach\/buergertreff-anwohner-fuerchten-laerm-durch-schuesse,15189226,16392452.html\">weiterer Artikel<\/a> im K\u00c3\u00b6lner Stadtanzeiger verr\u00c3\u00a4t, um ganz, ganz Schlimmes:<\/p>\n<blockquote><p> In der neuen Schie\u00c3\u0178halle soll das sportliche Schie\u00c3\u0178en an sechs Pl\u00c3\u00a4tzen mit Luftgewehren ganzj\u00c3\u00a4hrige m\u00c3\u00b6glich sein.<\/p>\n<p>Die Au\u00c3\u0178enschie\u00c3\u0178anlage wird beim dreit\u00c3\u00a4gigen Sch\u00c3\u00bctzenfest sowie beim Ausschie\u00c3\u0178en der Maik\u00c3\u00b6nigin gebraucht \u00e2\u20ac\u201c beantragt sind zehn Tage im Jahr.<\/p><\/blockquote>\n<p>Na da hat man doch Verst\u00c3\u00a4ndnis f\u00c3\u00bcr die 29 kleinstkarierten Schildgener Superspie\u00c3\u0178er, die durch einen umbauten Druckluftwaffenschie\u00c3\u0178stand in etwa die gleichen L\u00c3\u00a4rmbel\u00c3\u00a4stigung erwarten, wie von einer gerade startenden Ariane-5-Rakete.<\/p>\n<p>Und an f\u00c3\u00bcnf oder sechs Tagen auch noch den ohrenbet\u00c3\u00a4ubenden Krach auf D\u00c3\u00bcsenj\u00c3\u00a4ger-Level von Sch\u00c3\u00bcssen aus Schwarzpulverb\u00c3\u00bcchsen auf einen Holzadler auszhalten zu m\u00c3\u00bcssen &#8211; das geht nun wirklich nicht.<\/p>\n<p>Sicherlich gehen diese 29 aufrechten Schildgener Vorbilder stets mit gutem Beispiel voran, m\u00c3\u00a4hen ihren Rasen mit der Nagelschere, verzichten auf laute Musik und Grillfeste und machen jeden Weg zu Fu\u00c3\u0178, um ja keine Dritten durch Motorenger\u00c3\u00a4usche zu bel\u00c3\u00a4stigen.<\/p>\n<p>Denn so unmoralisch sind diese edlen Lichtgestalten doch nicht. Oder etwa doch?<\/p>\n","protected":false},"excerpt":{"rendered":"<p>Kennen Sie Schildgen? Nein? Ging mir bis eben auch so. Dabei sollte jedes Kind auf der Welt Schildgen kennen. Immerhin muss ein Teil der dortigen B\u00c3\u00bcrgerschaft \u00c3\u00bcber moralische Qualit\u00c3\u00a4ten verf\u00c3\u00bcgen, gegen die selbst Jesus Christus, Mutter Teresa, der Dalai Lama und Mahatma Gandhi wie ein Haufen Pr\u00c3\u00bcgel-Rowdies wirken. Shangri-La war gestern, der moralisch \u00c3\u00bcberlegene \u00c3\u0153bermensch [&hellip;]<\/p>\n","protected":false},"author":1,"featured_media":0,"comment_status":"open","ping_status":"open","sticky":false,"template":"","format":"standard","meta":{"footnotes":""},"categories":[1,7],"tags":[],"class_list":["post-390","post","type-post","status-publish","format-standard","hentry","category-allgemein","category-weltverbesserer"],"_links":{"self":[{"href":"http:\/\/meinungsterror.de\/index.php?rest_route=\/wp\/v2\/posts\/390"}],"collection":[{"href":"http:\/\/meinungsterror.de\/index.php?rest_route=\/wp\/v2\/posts"}],"about":[{"href":"http:\/\/meinungsterror.de\/index.php?rest_route=\/wp\/v2\/types\/post"}],"author":[{"embeddable":true,"href":"http:\/\/meinungsterror.de\/index.php?rest_route=\/wp\/v2\/users\/1"}],"replies":[{"embeddable":true,"href":"http:\/\/meinungsterror.de\/index.php?rest_route=%2Fwp%2Fv2%2Fcomments&post=390"}],"version-history":[{"count":0,"href":"http:\/\/meinungsterror.de\/index.php?rest_route=\/wp\/v2\/posts\/390\/revisions"}],"wp:attachment":[{"href":"http:\/\/meinungsterror.de\/index.php?rest_route=%2Fwp%2Fv2%2Fmedia&parent=390"}],"wp:term":[{"taxonomy":"category","embeddable":true,"href":"http:\/\/meinungsterror.de\/index.php?rest_route=%2Fwp%2Fv2%2Fcategories&post=390"},{"taxonomy":"post_tag","embeddable":true,"href":"http:\/\/meinungsterror.de\/index.php?rest_route=%2Fwp%2Fv2%2Ftags&post=390"}],"curies":[{"name":"wp","href":"https:\/\/api.w.org\/{rel}","templated":true}]}}