{"id":406,"date":"2012-09-07T07:10:38","date_gmt":"2012-09-07T06:10:38","guid":{"rendered":"http:\/\/meinungsterror.de\/?p=406"},"modified":"2012-09-07T07:10:38","modified_gmt":"2012-09-07T06:10:38","slug":"geil-feste-mopse-pralle-melonen-und-stramme-nippel","status":"publish","type":"post","link":"http:\/\/meinungsterror.de\/?p=406","title":{"rendered":"Geil! Feste M\u00c3\u00b6pse, pralle Melonen und stramme Nippel!"},"content":{"rendered":"<p>Wer tr\u00c3\u00a4umt als Mann da nicht von: M\u00c3\u00b6pse sanft streicheln, Melonen anfassen und stramme Nippel zwischen Daumen und Zeigefinger zart rollen.<\/p>\n<p>Gibt es etwas sch\u00c3\u00b6neres? <\/p>\n<p>Weiter unten, exklusiv auf meinungsterror.de und erstmals f\u00c3\u00bcr die breite \u00c3\u2013ffentlichkeit verf\u00c3\u00bcgbar, folgt die Verlinkung zur ultimativen &#8222;M\u00c3\u00b6pse, Nippel und Melonen&#8220;-Seite.<br \/>\n<!--more--><br \/>\nNur,<\/p>\n<p><strong>was, zum Teufel, hat das bittesch\u00c3\u00b6n mit diesem Blog hier zu tun?<\/strong><\/p>\n<p>Berechtigte Frage.  <\/p>\n<p>Falls jetzt schon jemanden der Sabber die Mundwinkel heruntergelaufen ist, tuts mir f\u00c3\u00bcr die herbe Entt\u00c3\u00a4uschung leid.<\/p>\n<p>Ich wollte nur mal testen, ob sich Schlagzeilen, die zwar nicht direkt gelogen sind, aber dennoch mit der Nachricht bzw. dem Inhalt des Artikels so gut wie nichts zu tun haben, wirklich mehr klicks verursachen, als sonst.<\/p>\n<p>Genau nach diesem Muster beinflusst und manipuliert man die \u00c3\u2013ffentlichkeit. <\/p>\n<p>Hier zum Beispiel eine Schlagzeile vom &#8222;<a target=\"_blank\" href=\"http:\/\/www.abendblatt.de\/vermischtes\/article2331138\/Geiselnehmer-war-in-seiner-Heimat-als-Sportschuetze-aktiv.html\">Hamburger Abendblatt<\/a>&#8220; bez\u00c3\u00bcglich des Mehrfachmordes in Karlsruhe von vor einigen Wochen:<\/p>\n<p><img src='http:\/\/meinungsterror.de\/wp-content\/uploads\/2012\/09\/0x_2012_mt_hh_abendblatt_karlsruhe_a.gif' alt='0x_2012_mt_hh_abendblatt_karlsruhe_a.gif' \/><\/p>\n<p>Im dazugeh\u00c3\u00b6rigen Artikel findet man zur gro\u00c3\u0178en, fetten Schlagzeile nur einen d\u00c3\u00bcrren Satz:<\/p>\n<blockquote><p>Wie sich im Zuge der Ermittlungen herausstellte, war der T\u00c3\u00a4ter in seinem franz\u00c3\u00b6sischen Heimatort als Sportsch\u00c3\u00bctze aktiv.<\/p><\/blockquote>\n<p>War.<\/p>\n<p>Und zwar vor mindestens zehn Jahren, weiter im Text hei\u00c3\u0178t es n\u00c3\u00a4mlich:<\/p>\n<blockquote><p>Nach Angaben der Polizei war der 53-J\u00c3\u00a4hrige <strong>vor mehr als zehn Jahren<\/strong> mit der Wohnungseigent\u00c3\u00bcmerin zusammengezogen und hat mit ihr \u00c3\u00bcberaus zur\u00c3\u00bcckgezogen gelebt. Seinen <strong>Wohnsitz im Elsass soll er bereits damals aufgegeben<\/strong> haben, bei den Beh\u00c3\u00b6rden in Karlsruhe meldete der arbeitslose Mann sich aber nicht an. <\/p><\/blockquote>\n<p>\u00c3\u0153ber die \u00c3\u00a4u\u00c3\u0178erst selektive Wahrnehmung des zust\u00c3\u00a4ndigen Redakteurs hinsichtlich der Forumulierung der Schlagzeile muss man sich jedenfalls sehr wundern, ist doch im gleichen Artikel auch zu lesen:<\/p>\n<blockquote><p>Nach Angaben des Zentrums f\u00c3\u00bcr deutsch-franz\u00c3\u00b6sische Polizei- und Zollzusammenarbeit in Kehl hatte der Mann seit Jahren die Berechtigungen f\u00c3\u00bcr insgesamt sechs Waffen. Die Gewehre und Pistolen in der Wohnung hatte er sich bis auf eine aber illegal besorgt. <\/p><\/blockquote>\n<p>Warum lautete die Schlagzeile nicht z. B. &#8222;<strong>Tatwaffen waren illegal<\/strong>&#8222;? Denn auch die eine, angeblich in Frankreich (!!!) legal erworbene Waffe war im Moment des Grenz\u00c3\u00bcbertritts nach Deutschland ebenfalls illegal. In Deutschland gilt nun mal das strenge, deutsche Waffenrecht.<\/p>\n<p>Nutznie\u00c3\u0178er dieser \u00c3\u00a4u\u00c3\u0178erst einseitigen und zweifelhaften Berichterstattung sind nur Faktenverdreher und Kreativstatistiker wie die von &#8222;sportmordwaffen.de&#8220;. Genau dieser Abendblatt-Artikel wurde n\u00c3\u00a4mlich als &#8222;Quelle&#8220; f\u00c3\u00bcr die dort so *h\u00c3\u00bcstel* objektiv und sachlich gef\u00c3\u00bchrte &#8222;Statistik&#8220; einem <a target=\"_blank\" href=\"http:\/\/forum.waffen-online.de\/index.php?showtopic=425963&#038;view=findpost&#038;p=1863783\">WO-User auf Nachfrage<\/a> mitgeteilt.<\/p>\n<p>Da f\u00c3\u00a4llt mir nur wieder Heine ein:<\/p>\n<p>&#8222;Augen gab uns Gott ein Paar, dass wir schauen rein und klar.<br \/>\nUm zu glauben, was wir lesen, w\u00c3\u00a4r eine Auge g&#8217;nug gewesen&#8220;<\/p>\n<p>In diesem Sinne.<\/p>\n<p>P. S.: Ach so, hier noch der eingangs versprochene link:<\/p>\n<p><a target=\"_blank\" href=\"http:\/\/www.krainz.de\/html_neu\/moepse.html\">M\u00c3\u00b6pse, Nippel und Melonen<\/a>.<\/p>\n<p>Aber mal ehrlich, h\u00c3\u00a4tten Sie auf ein Schlagzeile, die <\/p>\n<p>&#8222;<strong>H\u00c3\u00a4ssliche Hunde, Rohrverbindungsteile und K\u00c3\u00bcrbisgew\u00c3\u00a4chse<\/strong>&#8220; <\/p>\n<p>lautet, auch reagiert und geklickt? <\/p>\n<p>Sehen Sie, so funktioniert Zeitung.<\/p>\n","protected":false},"excerpt":{"rendered":"<p>Wer tr\u00c3\u00a4umt als Mann da nicht von: M\u00c3\u00b6pse sanft streicheln, Melonen anfassen und stramme Nippel zwischen Daumen und Zeigefinger zart rollen. Gibt es etwas sch\u00c3\u00b6neres? Weiter unten, exklusiv auf meinungsterror.de und erstmals f\u00c3\u00bcr die breite \u00c3\u2013ffentlichkeit verf\u00c3\u00bcgbar, folgt die Verlinkung zur ultimativen &#8222;M\u00c3\u00b6pse, Nippel und Melonen&#8220;-Seite.<\/p>\n","protected":false},"author":1,"featured_media":0,"comment_status":"open","ping_status":"open","sticky":false,"template":"","format":"standard","meta":{"footnotes":""},"categories":[1,15,5,11,7],"tags":[],"class_list":["post-406","post","type-post","status-publish","format-standard","hentry","category-allgemein","category-lug-und-trug","category-medien","category-satire","category-weltverbesserer"],"_links":{"self":[{"href":"http:\/\/meinungsterror.de\/index.php?rest_route=\/wp\/v2\/posts\/406"}],"collection":[{"href":"http:\/\/meinungsterror.de\/index.php?rest_route=\/wp\/v2\/posts"}],"about":[{"href":"http:\/\/meinungsterror.de\/index.php?rest_route=\/wp\/v2\/types\/post"}],"author":[{"embeddable":true,"href":"http:\/\/meinungsterror.de\/index.php?rest_route=\/wp\/v2\/users\/1"}],"replies":[{"embeddable":true,"href":"http:\/\/meinungsterror.de\/index.php?rest_route=%2Fwp%2Fv2%2Fcomments&post=406"}],"version-history":[{"count":0,"href":"http:\/\/meinungsterror.de\/index.php?rest_route=\/wp\/v2\/posts\/406\/revisions"}],"wp:attachment":[{"href":"http:\/\/meinungsterror.de\/index.php?rest_route=%2Fwp%2Fv2%2Fmedia&parent=406"}],"wp:term":[{"taxonomy":"category","embeddable":true,"href":"http:\/\/meinungsterror.de\/index.php?rest_route=%2Fwp%2Fv2%2Fcategories&post=406"},{"taxonomy":"post_tag","embeddable":true,"href":"http:\/\/meinungsterror.de\/index.php?rest_route=%2Fwp%2Fv2%2Ftags&post=406"}],"curies":[{"name":"wp","href":"https:\/\/api.w.org\/{rel}","templated":true}]}}