{"id":557,"date":"2013-11-23T19:10:37","date_gmt":"2013-11-23T18:10:37","guid":{"rendered":"http:\/\/meinungsterror.de\/?p=557"},"modified":"2013-11-23T19:10:37","modified_gmt":"2013-11-23T18:10:37","slug":"das-nationale-waffenregister-bewahrt-sich","status":"publish","type":"post","link":"http:\/\/meinungsterror.de\/?p=557","title":{"rendered":"Das Nationale Waffenregister bew\u00c3\u00a4hrt sich"},"content":{"rendered":"<p>Ich hoffe, der Sinn erschlie\u00c3\u0178t sich dem geneigten Betrachter&#8230;<\/p>\n<p>(Draufklicken f\u00c3\u00bcr volle Gr\u00c3\u00b6\u00c3\u0178e.)<\/p>\n<p><a href='http:\/\/meinungsterror.de\/wp-content\/uploads\/2013\/11\/0w_2013_mt_nwr_notrufzentrale_a.gif' title='0w_2013_mt_nwr_notrufzentrale_a.gif'><img src='http:\/\/meinungsterror.de\/wp-content\/uploads\/2013\/11\/0w_2013_mt_nwr_notrufzentrale_a.thumbnail.gif' alt='0w_2013_mt_nwr_notrufzentrale_a.gif' \/><\/a><\/p>\n","protected":false},"excerpt":{"rendered":"<p>Ich hoffe, der Sinn erschlie\u00c3\u0178t sich dem geneigten Betrachter&#8230; (Draufklicken f\u00c3\u00bcr volle Gr\u00c3\u00b6\u00c3\u0178e.)<\/p>\n","protected":false},"author":1,"featured_media":0,"comment_status":"open","ping_status":"open","sticky":false,"template":"","format":"standard","meta":{"footnotes":""},"categories":[11,4],"tags":[],"class_list":["post-557","post","type-post","status-publish","format-standard","hentry","category-satire","category-waffenrecht"],"_links":{"self":[{"href":"http:\/\/meinungsterror.de\/index.php?rest_route=\/wp\/v2\/posts\/557"}],"collection":[{"href":"http:\/\/meinungsterror.de\/index.php?rest_route=\/wp\/v2\/posts"}],"about":[{"href":"http:\/\/meinungsterror.de\/index.php?rest_route=\/wp\/v2\/types\/post"}],"author":[{"embeddable":true,"href":"http:\/\/meinungsterror.de\/index.php?rest_route=\/wp\/v2\/users\/1"}],"replies":[{"embeddable":true,"href":"http:\/\/meinungsterror.de\/index.php?rest_route=%2Fwp%2Fv2%2Fcomments&post=557"}],"version-history":[{"count":0,"href":"http:\/\/meinungsterror.de\/index.php?rest_route=\/wp\/v2\/posts\/557\/revisions"}],"wp:attachment":[{"href":"http:\/\/meinungsterror.de\/index.php?rest_route=%2Fwp%2Fv2%2Fmedia&parent=557"}],"wp:term":[{"taxonomy":"category","embeddable":true,"href":"http:\/\/meinungsterror.de\/index.php?rest_route=%2Fwp%2Fv2%2Fcategories&post=557"},{"taxonomy":"post_tag","embeddable":true,"href":"http:\/\/meinungsterror.de\/index.php?rest_route=%2Fwp%2Fv2%2Ftags&post=557"}],"curies":[{"name":"wp","href":"https:\/\/api.w.org\/{rel}","templated":true}]}}